{"id":10439,"date":"2026-04-20T16:54:33","date_gmt":"2026-04-20T12:54:33","guid":{"rendered":"https:\/\/azuri.mu\/azuri-empfaengt-ibl-on-the-move-2026\/"},"modified":"2026-08-05T11:53:36","modified_gmt":"2026-08-05T07:53:36","slug":"azuri-empfaengt-ibl-on-the-move-2026","status":"publish","type":"post","link":"https:\/\/azuri.mu\/de\/azuri-empfaengt-ibl-on-the-move-2026\/","title":{"rendered":"Azuri empf\u00e4ngt IBL on the Move 2026"},"content":{"rendered":"\n<p class=\"wp-block-paragraph\">Am Samstag, dem 18. April 2026, wurde Azuri Village erneut zum Schauplatz einer gemeinsamen Bewegung mit Bedeutung. Zur 14. Ausgabe brachte IBL on the Move 2026 1.338 Teilnehmende an einem Tag zusammen, an dem Sport, Solidarit\u00e4t und Engagement aufeinandertrafen.   <\/p>\n\n<p class=\"wp-block-paragraph\">IBL on the Move ist weit mehr als eine Sportveranstaltung und hat sich heute als engagierte nationale Plattform etabliert, die Inklusion, Gesundheit und ein gutes Miteinander f\u00f6rdert. Die Ausgabe 2026 stellte <strong>APEIM <\/strong>und ihr Sozialunternehmen <em>Callithea<\/em> in den Mittelpunkt, das junge Erwachsene mit geistiger Behinderung auf dem Weg in den Arbeitsmarkt begleitet. <\/p>\n\n<h2 class=\"wp-block-heading\"><strong>IBL on the Move 2026:<\/strong> <strong>Eine Gemeinschaft, vereint f\u00fcr eine gemeinsame Sache<\/strong> <\/h2>\n\n<p class=\"wp-block-paragraph\">Schon in den fr\u00fchen Morgenstunden herrschte in Azuri eine gemeinsame Energie, getragen von L\u00e4uferinnen und L\u00e4ufern, Radfahrenden, Familien, Mitarbeitenden und Partnern, die alle dasselbe wollten: zu einer Sache beitragen, die z\u00e4hlt. <\/p>\n\n<p class=\"wp-block-paragraph\">Die Teilnehmenden traten in verschiedenen Disziplinen an:  <\/p>\n\n<ul class=\"wp-block-list\">\n<li>L\u00e4ufe \u00fcber 6 km und 12 km  <\/li>\n<\/ul>\n\n<ul class=\"wp-block-list\">\n<li>Triathlon  <\/li>\n<\/ul>\n\n<ul class=\"wp-block-list\">\n<li>Mountainbike-Rennen \u00fcber 40 km  <\/li>\n<\/ul>\n\n<p class=\"wp-block-paragraph\">\u00dcber die sportliche Leistung hinaus stand vor allem ein echter Geist des Teilens, der Inklusion und der Solidarit\u00e4t im Vordergrund.  <\/p>\n\n<figure class=\"wp-block-image size-large is-resized\"><img fetchpriority=\"high\" decoding=\"async\" width=\"683\" height=\"1024\" src=\"https:\/\/azuri.mu\/wp-content\/uploads\/IBLOTM-2026-683x1024.jpg\" alt=\"IBL on the Move 2026\" class=\"wp-image-9116\" style=\"aspect-ratio:0.666994543197733;width:194px;height:auto\" srcset=\"https:\/\/azuri.mu\/wp-content\/uploads\/IBLOTM-2026-683x1024.jpg 683w, https:\/\/azuri.mu\/wp-content\/uploads\/IBLOTM-2026-200x300.jpg 200w, https:\/\/azuri.mu\/wp-content\/uploads\/IBLOTM-2026-768x1152.jpg 768w, https:\/\/azuri.mu\/wp-content\/uploads\/IBLOTM-2026-1024x1536.jpg 1024w, https:\/\/azuri.mu\/wp-content\/uploads\/IBLOTM-2026.jpg 1280w\" sizes=\"(max-width: 683px) 100vw, 683px\" \/><\/figure>\n\n<p class=\"wp-block-paragraph\">Ein besonders bewegender Moment war die Teilnahme von 10 Beg\u00fcnstigten der APEIM gemeinsam mit 10 Kindern der Schule Nou Zenfan Bois Marchand am 6-km-Lauf, erm\u00f6glicht durch die Unterst\u00fctzung von Bloomage. Ihre Anwesenheit brachte das Wesen der Veranstaltung auf den Punkt: jedem einen Platz geben.   <br\/> <\/p>\n\n<h2 class=\"wp-block-heading\"><strong>Ein konkretes Engagement f\u00fcr Inklusion<\/strong> <\/h2>\n\n<p class=\"wp-block-paragraph\">Dank der Startgeb\u00fchren und des Einsatzes engagierter Sponsoren konnten bei dieser Ausgabe MUR 1 Million gesammelt werden, die in die Weiterentwicklung des Projekts Callithea flie\u00dfen.  <\/p>\n\n<p class=\"wp-block-paragraph\">Callithea ist weit mehr als ein Caf\u00e9, es ist ein Sozialunternehmen mit Wirkung. Es bietet jungen Erwachsenen mit geistiger Behinderung die M\u00f6glichkeit, berufliche F\u00e4higkeiten zu entwickeln und dauerhaft im Arbeitsleben Fu\u00df zu fassen.   <\/p>\n\n<p class=\"wp-block-paragraph\">Claire Coulier, Head of Communications bei IBL, betonte: <br\/>\u201eDiese Ausgabe hat sehr viele Menschen rund um starke Werte der Inklusion und Solidarit\u00e4t zusammengebracht. Sie erinnert daran, was wir erreichen k\u00f6nnen, wenn wir gemeinsam vorangehen.\u201c  <\/p>\n\n<p class=\"wp-block-paragraph\">In dieselbe Richtung wies Timothy Nootoo, Projektverantwortlicher bei der APEIM, auf die Tragweite des Projekts hin: <br\/>\u201eCallithea schl\u00e4gt die Br\u00fccke zwischen dem Aufbau von Kompetenzen und den Realit\u00e4ten der Arbeitswelt und tr\u00e4gt zugleich dazu bei, den Blick auf geistige Behinderung zu ver\u00e4ndern.\u201c  <br\/> <\/p>\n\n<h2 class=\"wp-block-heading\"><strong>Azuri, ein nat\u00fcrlicher Rahmen f\u00fcr Erlebnisse mit Bedeutung<\/strong> <\/h2>\n\n<p class=\"wp-block-paragraph\">Als Gastgeber best\u00e4tigt Azuri Village seine Rolle als weit mehr als ein blo\u00dfer Veranstaltungsort. Es ist ein Umfeld, in dem Gemeinschaft und wirkungsvolle Initiativen ganz selbstverst\u00e4ndlich entstehen.  <\/p>\n\n<p class=\"wp-block-paragraph\">Mit seinen offenen Fl\u00e4chen, der Lage an der K\u00fcste und dem integrierten Lebensstil bietet Azuri den idealen Rahmen f\u00fcr <a href=\"https:\/\/azuri.mu\/de\/azuri-village-ein-jahr-2025-voller-aktivitaeten\/\" target=\"_blank\" rel=\"noreferrer noopener\">Veranstaltungen<\/a>, die Menschen zusammenbringen und verbinden. Ob durch Sport, Kultur oder solidarische Aktionen: Das Dorf f\u00f6rdert weiterhin dauerhafte menschliche Begegnungen.  <\/p>\n\n<h2 class=\"wp-block-heading\"><strong>Ein gemeinsames Engagement mit Blick nach vorn<\/strong> <\/h2>\n\n<p class=\"wp-block-paragraph\">IBL on the Move wird seit 2013 jedes Jahr von der IBL Group organisiert und unterst\u00fctzt bei jeder Ausgabe eine lokale NGO, die von der <a href=\"https:\/\/www.fondationjosephlagesse.org\/\" target=\"_blank\" rel=\"noreferrer noopener\">Fondation Joseph Lagesse<\/a> ausgew\u00e4hlt wird.  <\/p>\n\n<p class=\"wp-block-paragraph\">Die Ausgabe 2026 wurde durch die Unterst\u00fctzung engagierter Partner und Sponsoren m\u00f6glich, darunter Afrasia, Crystal, DTOS, Eagle Insurance, UBP, BrandActiv, Starbalm, CMH, Malta und Azuri Smart City Company Ltd.  <\/p>\n\n<p class=\"wp-block-paragraph\">IBL on the Move ist mehr als ein einzelner Tag und steht f\u00fcr eine klare \u00dcberzeugung: Gemeinsames Handeln kann dauerhafte Wirkung entfalten, und Inklusion erh\u00e4lt ihren vollen Sinn, wenn Gemeinschaften zusammenkommen.  <\/p>\n","protected":false},"excerpt":{"rendered":"<p>Am Samstag, dem 18. April 2026, wurde Azuri Village erneut zum Schauplatz einer gemeinsamen Bewegung mit Bedeutung. Zur 14. Ausgabe brachte IBL on the Move 2026 1.338 Teilnehmende an einem Tag zusammen, an dem Sport, Solidarit\u00e4t und Engagement aufeinandertrafen. IBL on the Move ist weit mehr als eine Sportveranstaltung und hat sich heute als engagierte [&hellip;]<\/p>\n","protected":false},"author":2,"featured_media":10440,"comment_status":"open","ping_status":"open","sticky":false,"template":"","format":"standard","meta":{"_acf_changed":false,"content-type":"","footnotes":""},"categories":[209,212],"tags":[],"class_list":["post-10439","post","type-post","status-publish","format-standard","has-post-thumbnail","hentry","category-enjoy","category-live"],"acf":[],"_links":{"self":[{"href":"https:\/\/azuri.mu\/de\/wp-json\/wp\/v2\/posts\/10439","targetHints":{"allow":["GET"]}}],"collection":[{"href":"https:\/\/azuri.mu\/de\/wp-json\/wp\/v2\/posts"}],"about":[{"href":"https:\/\/azuri.mu\/de\/wp-json\/wp\/v2\/types\/post"}],"author":[{"embeddable":true,"href":"https:\/\/azuri.mu\/de\/wp-json\/wp\/v2\/users\/2"}],"replies":[{"embeddable":true,"href":"https:\/\/azuri.mu\/de\/wp-json\/wp\/v2\/comments?post=10439"}],"version-history":[{"count":2,"href":"https:\/\/azuri.mu\/de\/wp-json\/wp\/v2\/posts\/10439\/revisions"}],"predecessor-version":[{"id":10508,"href":"https:\/\/azuri.mu\/de\/wp-json\/wp\/v2\/posts\/10439\/revisions\/10508"}],"wp:featuredmedia":[{"embeddable":true,"href":"https:\/\/azuri.mu\/de\/wp-json\/wp\/v2\/media\/10440"}],"wp:attachment":[{"href":"https:\/\/azuri.mu\/de\/wp-json\/wp\/v2\/media?parent=10439"}],"wp:term":[{"taxonomy":"category","embeddable":true,"href":"https:\/\/azuri.mu\/de\/wp-json\/wp\/v2\/categories?post=10439"},{"taxonomy":"post_tag","embeddable":true,"href":"https:\/\/azuri.mu\/de\/wp-json\/wp\/v2\/tags?post=10439"}],"curies":[{"name":"wp","href":"https:\/\/api.w.org\/{rel}","templated":true}]}}